{"id":235,"date":"2021-11-13T12:35:15","date_gmt":"2021-11-13T11:35:15","guid":{"rendered":"https:\/\/derechoconstitucional.umh.es\/?p=235"},"modified":"2021-11-18T14:22:57","modified_gmt":"2021-11-18T13:22:57","slug":"congreso-internacional-la-teoria-constitucional-frente-a-la-transformacion-digital-y-las-nuevas-tecnologias","status":"publish","type":"post","link":"https:\/\/derechoconstitucional.umh.es\/ca\/2021\/11\/13\/congreso-internacional-la-teoria-constitucional-frente-a-la-transformacion-digital-y-las-nuevas-tecnologias\/","title":{"rendered":"<span lang=\"es\">(Espa\u00f1ol) Congreso Internacional &#8220;La teor\u00eda constitucional frente a la transformaci\u00f3n digital y las nuevas tecnolog\u00edas&#8221;<\/span>"},"content":{"rendered":"<p class=\"qtranxs-available-languages-message qtranxs-available-languages-message-ca\">Ho sentim, aquesta entrada es troba disponible \u00fanicament en <a href=\"https:\/\/derechoconstitucional.umh.es\/es\/wp-json\/wp\/v2\/posts\/235\" class=\"qtranxs-available-language-link qtranxs-available-language-link-es\" title=\"Espa\u00f1ol\">Espanyol Europeu<\/a>.<\/p>","protected":false},"excerpt":{"rendered":"<p>Ho sentim, aquesta entrada es troba disponible \u00fanicament en Espanyol Europeu.<\/p>\n","protected":false},"author":3201,"featured_media":0,"comment_status":"closed","ping_status":"open","sticky":false,"template":"","format":"standard","meta":{"_links_to":"","_links_to_target":""},"categories":[1],"tags":[188,76043,3060,2251,2361,166,990,159],"_links":{"self":[{"href":"https:\/\/derechoconstitucional.umh.es\/ca\/wp-json\/wp\/v2\/posts\/235"}],"collection":[{"href":"https:\/\/derechoconstitucional.umh.es\/ca\/wp-json\/wp\/v2\/posts"}],"about":[{"href":"https:\/\/derechoconstitucional.umh.es\/ca\/wp-json\/wp\/v2\/types\/post"}],"author":[{"embeddable":true,"href":"https:\/\/derechoconstitucional.umh.es\/ca\/wp-json\/wp\/v2\/users\/3201"}],"replies":[{"embeddable":true,"href":"https:\/\/derechoconstitucional.umh.es\/ca\/wp-json\/wp\/v2\/comments?post=235"}],"version-history":[{"count":0,"href":"https:\/\/derechoconstitucional.umh.es\/ca\/wp-json\/wp\/v2\/posts\/235\/revisions"}],"wp:attachment":[{"href":"https:\/\/derechoconstitucional.umh.es\/ca\/wp-json\/wp\/v2\/media?parent=235"}],"wp:term":[{"taxonomy":"category","embeddable":true,"href":"https:\/\/derechoconstitucional.umh.es\/ca\/wp-json\/wp\/v2\/categories?post=235"},{"taxonomy":"post_tag","embeddable":true,"href":"https:\/\/derechoconstitucional.umh.es\/ca\/wp-json\/wp\/v2\/tags?post=235"}],"curies":[{"name":"wp","href":"https:\/\/api.w.org\/{rel}","templated":true}]}}